{"id":216,"date":"2014-08-07T11:46:13","date_gmt":"2014-08-07T11:46:13","guid":{"rendered":"http:\/\/blekhonnun.is\/fornleifafelag\/?p=216"},"modified":"2014-08-07T11:46:13","modified_gmt":"2014-08-07T11:46:13","slug":"fornir-fimmtudagar-skuldathingsey-i-skjalfandafljoti","status":"publish","type":"post","link":"http:\/\/fornleifafelag.is\/?p=216","title":{"rendered":"Fornir fimmtudagar \u2013 Skulda\u00feingsey \u00ed Skj\u00e1lfandaflj\u00f3ti"},"content":{"rendered":"<figure id=\"attachment_217\" aria-describedby=\"caption-attachment-217\" style=\"width: 300px\" class=\"wp-caption alignright\"><a href=\"http:\/\/fornleifafelag.is\/wp-content\/uploads\/2017\/01\/unnsteinn07.08.1411.29.083l.jpg\"><img loading=\"lazy\" class=\"size-medium wp-image-217\" src=\"http:\/\/fornleifafelag.is\/wp-content\/uploads\/2017\/01\/unnsteinn07.08.1411.29.083l-300x214.jpg\" alt=\"\" width=\"300\" height=\"214\" srcset=\"http:\/\/fornleifafelag.is\/wp-content\/uploads\/2017\/01\/unnsteinn07.08.1411.29.083l-300x214.jpg 300w, http:\/\/fornleifafelag.is\/wp-content\/uploads\/2017\/01\/unnsteinn07.08.1411.29.083l.jpg 640w\" sizes=\"(max-width: 300px) 100vw, 300px\" \/><\/a><figcaption id=\"caption-attachment-217\" class=\"wp-caption-text\">Ein b\u00fa\u00f0anna<\/figcaption><\/figure>\n<figure id=\"attachment_218\" aria-describedby=\"caption-attachment-218\" style=\"width: 300px\" class=\"wp-caption alignright\"><a href=\"http:\/\/fornleifafelag.is\/wp-content\/uploads\/2017\/01\/unnsteinn07.08.1411.29.072l.jpg\"><img loading=\"lazy\" class=\"size-medium wp-image-218\" src=\"http:\/\/fornleifafelag.is\/wp-content\/uploads\/2017\/01\/unnsteinn07.08.1411.29.072l-300x220.jpg\" alt=\"\" width=\"300\" height=\"220\" srcset=\"http:\/\/fornleifafelag.is\/wp-content\/uploads\/2017\/01\/unnsteinn07.08.1411.29.072l-300x220.jpg 300w, http:\/\/fornleifafelag.is\/wp-content\/uploads\/2017\/01\/unnsteinn07.08.1411.29.072l.jpg 640w\" sizes=\"(max-width: 300px) 100vw, 300px\" \/><\/a><figcaption id=\"caption-attachment-218\" class=\"wp-caption-text\">\u00de\u00fasund \u00e1ra g\u00f6mul spa\u00f0af\u00f6r<\/figcaption><\/figure>\n<figure id=\"attachment_219\" aria-describedby=\"caption-attachment-219\" style=\"width: 300px\" class=\"wp-caption alignright\"><a href=\"http:\/\/fornleifafelag.is\/wp-content\/uploads\/2017\/01\/unnsteinn07.08.1411.29.061l.jpg\"><img loading=\"lazy\" class=\"size-medium wp-image-219\" src=\"http:\/\/fornleifafelag.is\/wp-content\/uploads\/2017\/01\/unnsteinn07.08.1411.29.061l-300x190.jpg\" alt=\"\" width=\"300\" height=\"190\" srcset=\"http:\/\/fornleifafelag.is\/wp-content\/uploads\/2017\/01\/unnsteinn07.08.1411.29.061l-300x190.jpg 300w, http:\/\/fornleifafelag.is\/wp-content\/uploads\/2017\/01\/unnsteinn07.08.1411.29.061l.jpg 640w\" sizes=\"(max-width: 300px) 100vw, 300px\" \/><\/a><figcaption id=\"caption-attachment-219\" class=\"wp-caption-text\">Uppgr\u00f6ftur \u00ed Skulda\u00feingsey<\/figcaption><\/figure>\n<figure id=\"attachment_220\" aria-describedby=\"caption-attachment-220\" style=\"width: 300px\" class=\"wp-caption alignright\"><a href=\"http:\/\/fornleifafelag.is\/wp-content\/uploads\/2017\/01\/unnsteinn07.08.1411.12.33l.jpg\"><img loading=\"lazy\" class=\"size-medium wp-image-220\" src=\"http:\/\/fornleifafelag.is\/wp-content\/uploads\/2017\/01\/unnsteinn07.08.1411.12.33l-300x269.jpg\" alt=\"\" width=\"300\" height=\"269\" srcset=\"http:\/\/fornleifafelag.is\/wp-content\/uploads\/2017\/01\/unnsteinn07.08.1411.12.33l-300x269.jpg 300w, http:\/\/fornleifafelag.is\/wp-content\/uploads\/2017\/01\/unnsteinn07.08.1411.12.33l.jpg 640w\" sizes=\"(max-width: 300px) 100vw, 300px\" \/><\/a><figcaption id=\"caption-attachment-220\" class=\"wp-caption-text\">Minjasv\u00e6\u00f0i\u00f0 \u00ed Skulda\u00feingsey<\/figcaption><\/figure>\n<p><strong>Fimmtudaginn \u00a07. \u00e1g\u00fast klukkan 20.00<\/strong> b\u00fd\u00f0st almenningi og fer\u00f0af\u00f3lki a\u00f0 litast um \u00ed Skulda\u00feingsey \u00ed Skj\u00e1lfandaflj\u00f3ti. \u00a0Skulda\u00feingsey liggur vi\u00f0 nor\u00f0urenda \u00deingeyjar a\u00f0 austanver\u00f0u. \u00a0\u00cd Skulda\u00feingsey eru minjar um mikla t\u00f3fta\u00feyrpingu sem tali\u00f0 er a\u00f0 s\u00e9u leifar af \u00feinghaldi \u00ed eynni. \u00a0Til a\u00f0 komast a\u00f0 v\u00edsbendingu um aldur minjanna var grafi\u00f0 \u00ed eina t\u00f3ftina sumari\u00f0 2006 \u00e1 vegum Hins \u00feingeyska fornleifaf\u00e9lags og Fornleifastofnunar \u00cdsland og stj\u00f3rna\u00f0i Howell Magn\u00fas Roberts uppgreftrinum. \u00a0T\u00f3ftin sem grafi\u00f0 var \u00ed er ferhyrnd og afl\u00f6ng um 11&#215;5 metrar a\u00f0 st\u00e6r\u00f0. \u00a0Grafnir voru tveir andst\u00e6\u00f0ir fj\u00f3r\u00f0ungar og \u00ed lj\u00f3s komu torfveggir allt a\u00f0 1 metra \u00feykkir. \u00a0Vi\u00f0 dyr fundust \u00feunnt og slitr\u00f3tt g\u00f3lflag og sj\u00e1 m\u00e1tti a\u00f0 veggir h\u00f6f\u00f0u veri\u00f0 vi\u00f0 ger\u00f0ir. \u00a0Lj\u00f3st er a\u00f0 byggingin var reist etir a\u00f0 gj\u00f3skan fr\u00e1 950 f\u00e9ll og var l\u00f6ngu komin \u00far notkun \u00feegar gj\u00f3skan f\u00e9ll \u00e1ri\u00f0 1477. \u00a0A\u00f0 \u00f6\u00f0ru leiti var ekki h\u00e6gt a\u00f0 skera n\u00e1nar \u00far um aldur byggingarinnar n\u00e9 notkun hennar nema lj\u00f3st er a\u00f0 a\u00f0eins hefur veri\u00f0 um t\u00edmabundna vi\u00f0veru a\u00f0 r\u00e6\u00f0a samanber \u00feunnt og slitr\u00f3tt g\u00f3lflag. \u00a0T\u00edmasetning minjanna fellur a\u00f0 \u00fev\u00ed skei\u00f0i er vor\u00feing voru haldin h\u00e9r \u00e1 landi og yfirbrag\u00f0 t\u00f3ftarinnar og ummerki minna \u00e1 t\u00f3ftir sem grafnar hafa veri\u00f0 upp \u00e1 \u00feingst\u00f6\u00f0um.<\/p>\n<p>&nbsp;<\/p>\n<p>Tilt\u00f6lulega au\u00f0velt er a\u00f0 ganga upp \u00ed Skulda\u00feingsey og gengi\u00f0 er yfir kv\u00edslina \u00e1 mj\u00f3rri steinsteyptri st\u00edflu. \u00a0<strong>M\u00e6ting er \u00e1 hla\u00f0inu \u00e1 Va\u00f0i kl. 20.00<\/strong> og ver\u00f0ur \u00fear safnast \u00ed b\u00edla og eki\u00f0 ni\u00f0ur a\u00f0 Skipapolli \u00fea\u00f0an sem gengi\u00f0 er upp \u00e1 \u00deingey.<\/p>\n<p>Lei\u00f0s\u00f6guma\u00f0ur er Howell Magn\u00fas Roberts, fornleifafr\u00e6\u00f0ingur hj\u00e1 Fornleifastofnun \u00cdslands. \u00a0UI.<\/p>\n","protected":false},"excerpt":{"rendered":"<p>Fimmtudaginn \u00a07. \u00e1g\u00fast klukkan 20.00 b\u00fd\u00f0st almenningi og fer\u00f0af\u00f3lki a\u00f0 litast um \u00ed Skulda\u00feingsey \u00ed Skj\u00e1lfandaflj\u00f3ti. \u00a0Skulda\u00feingsey liggur vi\u00f0 nor\u00f0urenda \u00deingeyjar a\u00f0 austanver\u00f0u. \u00a0\u00cd Skulda\u00feingsey eru minjar um mikla t\u00f3fta\u00feyrpingu sem tali\u00f0 er a\u00f0 s\u00e9u leifar af \u00feinghaldi \u00ed eynni. \u00a0Til a\u00f0 komast a\u00f0 v\u00edsbendingu um aldur minjanna var grafi\u00f0 \u00ed eina t\u00f3ftina sumari\u00f0 2006 &hellip; <\/p>\n<p class=\"link-more\"><a href=\"http:\/\/fornleifafelag.is\/?p=216\" class=\"more-link\">Lesa \u00e1fram<span class=\"screen-reader-text\"> &#8222;Fornir fimmtudagar \u2013 Skulda\u00feingsey \u00ed Skj\u00e1lfandaflj\u00f3ti&#8220;<\/span><\/a><\/p>\n","protected":false},"author":3,"featured_media":0,"comment_status":"closed","ping_status":"closed","sticky":false,"template":"","format":"standard","meta":[],"categories":[2,1],"tags":[],"_links":{"self":[{"href":"http:\/\/fornleifafelag.is\/index.php?rest_route=\/wp\/v2\/posts\/216"}],"collection":[{"href":"http:\/\/fornleifafelag.is\/index.php?rest_route=\/wp\/v2\/posts"}],"about":[{"href":"http:\/\/fornleifafelag.is\/index.php?rest_route=\/wp\/v2\/types\/post"}],"author":[{"embeddable":true,"href":"http:\/\/fornleifafelag.is\/index.php?rest_route=\/wp\/v2\/users\/3"}],"replies":[{"embeddable":true,"href":"http:\/\/fornleifafelag.is\/index.php?rest_route=%2Fwp%2Fv2%2Fcomments&post=216"}],"version-history":[{"count":0,"href":"http:\/\/fornleifafelag.is\/index.php?rest_route=\/wp\/v2\/posts\/216\/revisions"}],"wp:attachment":[{"href":"http:\/\/fornleifafelag.is\/index.php?rest_route=%2Fwp%2Fv2%2Fmedia&parent=216"}],"wp:term":[{"taxonomy":"category","embeddable":true,"href":"http:\/\/fornleifafelag.is\/index.php?rest_route=%2Fwp%2Fv2%2Fcategories&post=216"},{"taxonomy":"post_tag","embeddable":true,"href":"http:\/\/fornleifafelag.is\/index.php?rest_route=%2Fwp%2Fv2%2Ftags&post=216"}],"curies":[{"name":"wp","href":"https:\/\/api.w.org\/{rel}","templated":true}]}}