{"id":357,"date":"2016-07-27T22:37:47","date_gmt":"2016-07-27T22:37:47","guid":{"rendered":"http:\/\/blekhonnun.is\/fornleifafelag\/?p=7"},"modified":"2016-07-27T22:37:47","modified_gmt":"2016-07-27T22:37:47","slug":"fornir-fimmtudagar-leidarnes-i-ljosaskiptum","status":"publish","type":"post","link":"http:\/\/fornleifafelag.is\/?p=357","title":{"rendered":"Fornir fimmtudagar &#8211; Lei\u00f0arnes \u00ed lj\u00f3saskiptum"},"content":{"rendered":"<p>Fimmtudagskv\u00f6ldi\u00f0 28. j\u00fal\u00ed b\u00fd\u00f0ur Hi\u00f0 \u00feingeyska fornleifaf\u00e9lag \u00ed heims\u00f3kn \u00e1 Lei\u00f0arnes \u00ed Fnj\u00f3skadal.<\/p>\n<figure id=\"attachment_8\" aria-describedby=\"caption-attachment-8\" style=\"width: 300px\" class=\"wp-caption alignright\"><img loading=\"lazy\" class=\"size-medium wp-image-8\" src=\"http:\/\/fornleifafelag.is\/wp-content\/uploads\/2017\/01\/unnsteinn27.07.1618.25.54l-300x246.jpg\" alt=\"\" width=\"300\" height=\"246\" srcset=\"http:\/\/fornleifafelag.is\/wp-content\/uploads\/2017\/01\/unnsteinn27.07.1618.25.54l-300x246.jpg 300w, http:\/\/fornleifafelag.is\/wp-content\/uploads\/2017\/01\/unnsteinn27.07.1618.25.54l.jpg 640w\" sizes=\"(max-width: 300px) 100vw, 300px\" \/><figcaption id=\"caption-attachment-8\" class=\"wp-caption-text\">Teikning Daniels Bruun af \u00feingsta\u00f0num \u00e1 Lei\u00f0arnesi.<\/figcaption><\/figure>\n<figure id=\"attachment_9\" aria-describedby=\"caption-attachment-9\" style=\"width: 300px\" class=\"wp-caption alignright\"><img loading=\"lazy\" class=\"size-medium wp-image-9\" src=\"http:\/\/fornleifafelag.is\/wp-content\/uploads\/2017\/01\/unnsteinn27.07.1618.34.171l-300x180.jpg\" alt=\"\" width=\"300\" height=\"180\" srcset=\"http:\/\/fornleifafelag.is\/wp-content\/uploads\/2017\/01\/unnsteinn27.07.1618.34.171l-300x180.jpg 300w, http:\/\/fornleifafelag.is\/wp-content\/uploads\/2017\/01\/unnsteinn27.07.1618.34.171l.jpg 640w\" sizes=\"(max-width: 300px) 100vw, 300px\" \/><figcaption id=\"caption-attachment-9\" class=\"wp-caption-text\">Loftmynd af Lei\u00f0arnesi, tekin af Google Earth<\/figcaption><\/figure>\n<p>Um Lj\u00f3svetningalei\u00f0 er geti\u00f0 \u00ed Lj\u00f3svetningas\u00f6gu, Reykd\u00e6lu og Nj\u00e1lu en ekki er \u00fear sagt hvar h\u00fan var haldin en fullv\u00edst er tali\u00f0 a\u00f0 lei\u00f0ar\u00feingi\u00f0 hafi veri\u00f0 haldi\u00f0 \u00e1 svonefndu Lei\u00f0arnesi sem er \u00ed landi H\u00e1ls, vestur vi\u00f0 Fnj\u00f3sk\u00e1, skammt sunnan br\u00faarinnar.<\/p>\n<p>Or\u00f0i\u00f0 \u201e\u00deing\u201c kemur \u00far fornnorr\u00e6nu \u00fear sem \u00fea\u00f0 merkti samkoma en \u00feing til forna voru vettvangur d\u00f3mst\u00f3la og l\u00f6ggjafar. \u00a0Auk Al\u00feingis voru h\u00e1\u00f0 \u00ferennskonar \u00feing: Fj\u00f3r\u00f0ungs\u00feing, vor\u00feing (s\u00f3knar- og skulda\u00feing) og lei\u00f0ar\u00feing (haust\u00feing). \u00a0Lei\u00f0ar\u00feing e\u00f0a lei\u00f0ir voru haldin a\u00f0 loknu al\u00feingi og var tilgangurinn s\u00e1 a\u00f0 gefa \u00edb\u00faum hvers h\u00e9ra\u00f0s nokkurs konar sk\u00fdrslu um \u00fea\u00f0 sem fram haf\u00f0i fari\u00f0 \u00e1 \u00d6xar\u00e1r\u00feingi. \u00a0Go\u00f0ar h\u00e9ldu lei\u00f0ar\u00feingin en s\u00ed\u00f0ar f\u00e9ll \u00fea\u00f0 \u00ed hlut s\u00fdslumanna a\u00f0 halda lei\u00f0ar\u00feingin sem s\u00ed\u00f0an li\u00f0u undir lok \u00e1 18. \u00f6ld ogmanntals\u00feing t\u00f3ku vi\u00f0 hlutverkum \u00feeirra.<\/p>\n<p>F\u00e1tt er vita\u00f0 me\u00f0 vissu um \u00feingsta\u00f0ina en tali\u00f0 er a\u00f0 vor\u00feingssta\u00f0irnir hafi veri\u00f0 13 talsins \u00e1 landinu \u00f6llu, \u00ferj\u00fa \u00ed hverjum fj\u00f3r\u00f0ungi nema Nor\u00f0lendingafj\u00f3r\u00f0ungi \u00fear sem \u00feau voru fj\u00f6gur, a\u00f0 s\u00f6gn Ara fr\u00f3\u00f0a s\u00f6kum \u00feess a\u00f0 Nor\u00f0lendingar g\u00e1tu ekki komi\u00f0 s\u00e9r saman um anna\u00f0. \u00a0\u00c1 nor\u00f0urlandi er tali\u00f0 me\u00f0 vissu a\u00f0 \u00feeir hafi veri\u00f0 \u00cd Hegranesi og \u00ed \u00deingey en ekki er um \u00e1byggilegar heimildir a\u00f0 r\u00e6\u00f0a var\u00f0andi Lei\u00f0arnes og Skulda\u00feingsey, svo d\u00e6mi s\u00e9 teki\u00f0, heldur er fyrst og fremst byggt \u00e1 n\u00f6fnum \u00feessara tveggja sta\u00f0a sem og b\u00fa\u00f0at\u00f3ftunum sem \u00fear er a\u00f0 finna.<\/p>\n<p>M\u00e6ting \u00ed g\u00f6ngufer\u00f0ina er vi\u00f0 austari Vaglask\u00f3garveg, eki\u00f0 upp klaufina og stoppa\u00f0 \u00fear. \u00a0\u00fea\u00f0an ver\u00f0ur gengi\u00f0 a\u00f0 Lei\u00f0arnesi. \u00a0Lei\u00f0s\u00f6guma\u00f0ur er Dav\u00ed\u00f0 Herbertsson fr\u00e1 Hr\u00edsger\u00f0i og \u00e1\u00e6tla\u00f0 er a\u00f0 g\u00f6ngufer\u00f0in taki 1,5 til 2 klukkustundir. \u00a0Unnst.Ing.<\/p>\n","protected":false},"excerpt":{"rendered":"<p>Fimmtudagskv\u00f6ldi\u00f0 28. j\u00fal\u00ed b\u00fd\u00f0ur Hi\u00f0 \u00feingeyska fornleifaf\u00e9lag \u00ed heims\u00f3kn \u00e1 Lei\u00f0arnes \u00ed Fnj\u00f3skadal. Um Lj\u00f3svetningalei\u00f0 er geti\u00f0 \u00ed Lj\u00f3svetningas\u00f6gu, Reykd\u00e6lu og Nj\u00e1lu en ekki er \u00fear sagt hvar h\u00fan var haldin en fullv\u00edst er tali\u00f0 a\u00f0 lei\u00f0ar\u00feingi\u00f0 hafi veri\u00f0 haldi\u00f0 \u00e1 svonefndu Lei\u00f0arnesi sem er \u00ed landi H\u00e1ls, vestur vi\u00f0 Fnj\u00f3sk\u00e1, skammt sunnan br\u00faarinnar. Or\u00f0i\u00f0 &hellip; <\/p>\n<p class=\"link-more\"><a href=\"http:\/\/fornleifafelag.is\/?p=357\" class=\"more-link\">Lesa \u00e1fram<span class=\"screen-reader-text\"> &#8222;Fornir fimmtudagar &#8211; Lei\u00f0arnes \u00ed lj\u00f3saskiptum&#8220;<\/span><\/a><\/p>\n","protected":false},"author":3,"featured_media":0,"comment_status":"closed","ping_status":"closed","sticky":false,"template":"","format":"standard","meta":[],"categories":[2,1],"tags":[],"_links":{"self":[{"href":"http:\/\/fornleifafelag.is\/index.php?rest_route=\/wp\/v2\/posts\/357"}],"collection":[{"href":"http:\/\/fornleifafelag.is\/index.php?rest_route=\/wp\/v2\/posts"}],"about":[{"href":"http:\/\/fornleifafelag.is\/index.php?rest_route=\/wp\/v2\/types\/post"}],"author":[{"embeddable":true,"href":"http:\/\/fornleifafelag.is\/index.php?rest_route=\/wp\/v2\/users\/3"}],"replies":[{"embeddable":true,"href":"http:\/\/fornleifafelag.is\/index.php?rest_route=%2Fwp%2Fv2%2Fcomments&post=357"}],"version-history":[{"count":0,"href":"http:\/\/fornleifafelag.is\/index.php?rest_route=\/wp\/v2\/posts\/357\/revisions"}],"wp:attachment":[{"href":"http:\/\/fornleifafelag.is\/index.php?rest_route=%2Fwp%2Fv2%2Fmedia&parent=357"}],"wp:term":[{"taxonomy":"category","embeddable":true,"href":"http:\/\/fornleifafelag.is\/index.php?rest_route=%2Fwp%2Fv2%2Fcategories&post=357"},{"taxonomy":"post_tag","embeddable":true,"href":"http:\/\/fornleifafelag.is\/index.php?rest_route=%2Fwp%2Fv2%2Ftags&post=357"}],"curies":[{"name":"wp","href":"https:\/\/api.w.org\/{rel}","templated":true}]}}