{"id":401,"date":"2017-06-28T10:24:52","date_gmt":"2017-06-28T10:24:52","guid":{"rendered":"http:\/\/fornleifafelag.is\/?p=401"},"modified":"2017-06-28T10:29:50","modified_gmt":"2017-06-28T10:29:50","slug":"fornir-fimmtudagar-a-dysnesi","status":"publish","type":"post","link":"http:\/\/fornleifafelag.is\/?p=401","title":{"rendered":"Fornir fimmtudagar \u00e1 Dysnesi"},"content":{"rendered":"<p>Fornir fimmtudagar \u00e1 Dysnesi vi\u00f0 Eyjafj\u00f6r\u00f0<\/p>\n<p><strong>Fimmtudaginn 29. j\u00fan\u00ed kl. 17.30<\/strong> b\u00fd\u00f0ur Hi\u00f0 \u00feingeyska fornleifaf\u00e9lag og Fornleifastofnun \u00cdslands ses. \u00edb\u00faum nor\u00f0urlands og getsum \u00feeirra \u00ed heims\u00f3kn \u00e1 Dysnes vi\u00f0 Eyjafj\u00f6r\u00f0.\u00a0 Hafist var handa vi\u00f0 k\u00f6nnun \u00e1 Dysnesi fyrr \u00ed sumar en k\u00f6nnunin er li\u00f0ur \u00ed undirb\u00faningsranns\u00f3knum vegna fyrirhuga\u00f0arar byggingar st\u00f3rksipahafnar \u00e1 Dysnesi.<\/p>\n<p>\u00deegar fornleifafr\u00e6\u00f0ingar m\u00e6ttu \u00e1 sv\u00e6\u00f0i\u00f0 var afar l\u00editi\u00f0 a\u00f0 sj\u00e1.\u00a0 F\u00e1tt gaf til kynna a\u00f0 kuml e\u00f0a a\u00f0rar menjar v\u00e6ru undir sver\u00f0inum og a\u00f0eins ein l\u00edtil d\u00e6ld \u00e1 \u00fe\u00fdf\u00f0u nesinu gaf fyrirheit um a\u00f0 nesi\u00f0 b\u00e6ri nafn me\u00f0 r\u00e9ttu.\u00a0 Engar skriflegar heimildir eru til um Dysnes, engar sj\u00e1anlegar minjar eru \u00ed grendinni, engir gar\u00f0ar sj\u00e1anlegir, engar t\u00f3ftir sem g\u00e6tu gefi\u00f0 til kynna forna bygg\u00f0 og yfirleitt ekkert sem gaf til kynna a\u00f0 sta\u00f0urinn v\u00e6ri spennandi me\u00f0 tilliti til fornleifaranns\u00f3kna, anna\u00f0 en nafni\u00f0, en \u00feekkt er a\u00f0 sta\u00f0arn\u00f6fn breytast \u00ed t\u00edmans r\u00e1s og \u00fev\u00ed ekki \u00e1 nafni\u00f0 eitt a\u00f0 treysta.<\/p>\n<p>&nbsp;<\/p>\n<p>En anna\u00f0 kom svo sannarlega \u00e1 daginn.\u00a0 Segja m\u00e1 a\u00f0 hvar sem fornleifafr\u00e6\u00f0ingar stungu ni\u00f0ur sk\u00f3flu, \u00fear voru minjar undir.\u00a0 \u00deegar \u00feetta er skrifa\u00f0 \u00feann 28. j\u00fan\u00ed er \u00f6ruggt a\u00f0 a.m.k. 2 b\u00e1tskuml eru \u00e1 Dysnesi og alls ekki \u00fatiloka\u00f0 a\u00f0 fleiri b\u00e1tskuml l\u00edti dagsins lj\u00f3s innan f\u00e1rra daga e\u00f0a vikna, reynar eru l\u00edkurnar miklar.\u00a0 B\u00e1tskumlin tv\u00f6 sem eru n\u00fa a\u00f0 mestu uppgrafin eru greinileg og \u00ed \u00feeim hafa fundist, auk beinaleifa, sver\u00f0, spj\u00f3tsoddur, skjaldarb\u00f3la og fleiri munir en b\u00e1\u00f0um kumlunum vir\u00f0ist hafa veri\u00f0 rask<\/p>\n<p>a\u00f0 fyrir langal\u00f6ngu og st\u00f3r hluti annars kumlsins er horfinn vegna \u00e1gangs sj\u00e1var.\u00a0 Engin lei\u00f0 er a\u00f0 segja til um hva\u00f0 nesi\u00f0 hafi veri\u00f0 st\u00f3rt fyrir \u00fe\u00fasund \u00e1rum og hvort fleiri kuml hafi veri\u00f0 \u00e1 nesinu en eru horfinn \u00ed sj\u00f3inn vegna landbrots.<\/p>\n<p>&nbsp;<\/p>\n<p>En margt fleira er a\u00f0 sj\u00e1 \u00e1 Dysnesi sem enn hefur leindard\u00f3msfullan bl\u00e6 yfir s\u00e9r.\u00a0 \u00de\u00f3tt b\u00e1tskumlin tv\u00f6 s\u00e9u greinileg \u00fe\u00e1 eru a\u00f0rir \u201ehaugar\u201c\u00a0 sem enginn veit enn hva\u00f0 hefur a\u00f0 geyma.\u00a0 Einn \u00feeirra l\u00edtur \u00fat eins og grj\u00f3thringur e\u00f0a grj\u00f3tbe\u00f0 og umhverfis eru nokkrar grunnar dokkir en \u00ed \u00feeim var<\/p>\n<figure id=\"attachment_403\" aria-describedby=\"caption-attachment-403\" style=\"width: 300px\" class=\"wp-caption alignright\"><a href=\"http:\/\/fornleifafelag.is\/wp-content\/uploads\/2017\/06\/dysnes-mynd-kuml.jpg\" target=\"_blank\" rel=\"noopener noreferrer\"><img loading=\"lazy\" class=\"wp-image-403 size-medium\" src=\"http:\/\/fornleifafelag.is\/wp-content\/uploads\/2017\/06\/dysnes-mynd-kuml-300x225.jpg\" alt=\"\" width=\"300\" height=\"225\" srcset=\"http:\/\/fornleifafelag.is\/wp-content\/uploads\/2017\/06\/dysnes-mynd-kuml-300x225.jpg 300w, http:\/\/fornleifafelag.is\/wp-content\/uploads\/2017\/06\/dysnes-mynd-kuml-768x576.jpg 768w, http:\/\/fornleifafelag.is\/wp-content\/uploads\/2017\/06\/dysnes-mynd-kuml-1024x768.jpg 1024w, http:\/\/fornleifafelag.is\/wp-content\/uploads\/2017\/06\/dysnes-mynd-kuml.jpg 1632w\" sizes=\"(max-width: 300px) 100vw, 300px\" \/><\/a><figcaption id=\"caption-attachment-403\" class=\"wp-caption-text\">Grj\u00f3thaugur og dokkir umhverfis, \u00f3v\u00edst hva\u00f0 leynist undir.<\/figcaption><\/figure>\n<p>ekkert a\u00f0 finna og aldrei \u00e1\u00f0ur hafa svipu\u00f0 ummerki veri\u00f0 a\u00f0 sj\u00e1 \u00ed kumlateigum h\u00e9rlendis.<\/p>\n<p>\u00dea\u00f0 er full \u00e1st\u00e6\u00f0a til a\u00f0 l\u00edta \u00ed heims\u00f3kn \u00e1 Dysnes <strong>fimmtudaginn 29. j\u00fan\u00ed kl. 17.30<\/strong>\u00a0 \u00ed bo\u00f0i Hins \u00feingeyska fornleifaf\u00e9lags og Fornleifastofnuanr \u00cdslands.<\/p>\n<p>Dysnes er \u00ed 15 km akstursfjarl\u00e6g\u00f0 fr\u00e1 Akureyri.\u00a0 Eki\u00f0 er sem lei\u00f0 liggur \u00ed \u00e1tt til Dalv\u00edkur.\u00a0 Beygt er \u00fataf Dalv\u00edkurvegi \u00a0til austurs \u00ed \u00c1tt a\u00f0 Sy\u00f0ri Bakka (vegur 812) og aftur beigt ni\u00f0ur a\u00f0 Gilsbakka og af heimrei\u00f0inni er eki\u00f0 \u00fat af veginum til vinstri og mj\u00f3an malarveg ni\u00f0ur undir fj\u00f6rubor\u00f0.\u00a0 \u00fea\u00f0an er gengi\u00f0 eftir fj\u00f6runni nokkur hundru\u00f0 metra til nor\u00f0urs \u00fear til komi\u00f0 er \u00e1 Dysnesi\u00f0.\u00a0 Sj\u00e1 n\u00e1nar \u00e1 korti Landm\u00e6linga \u00cdslands.<\/p>\n<p>&nbsp;<\/p>\n<figure id=\"attachment_402\" aria-describedby=\"caption-attachment-402\" style=\"width: 279px\" class=\"wp-caption alignleft\"><a href=\"http:\/\/fornleifafelag.is\/wp-content\/uploads\/2017\/06\/Dysnes-kort-merkt.jpg\" target=\"_blank\" rel=\"noopener noreferrer\"><img loading=\"lazy\" class=\"wp-image-402 size-medium\" src=\"http:\/\/fornleifafelag.is\/wp-content\/uploads\/2017\/06\/Dysnes-kort-merkt-279x300.jpg\" alt=\"\" width=\"279\" height=\"300\" srcset=\"http:\/\/fornleifafelag.is\/wp-content\/uploads\/2017\/06\/Dysnes-kort-merkt-279x300.jpg 279w, http:\/\/fornleifafelag.is\/wp-content\/uploads\/2017\/06\/Dysnes-kort-merkt-768x827.jpg 768w, http:\/\/fornleifafelag.is\/wp-content\/uploads\/2017\/06\/Dysnes-kort-merkt-951x1024.jpg 951w, http:\/\/fornleifafelag.is\/wp-content\/uploads\/2017\/06\/Dysnes-kort-merkt.jpg 1204w\" sizes=\"(max-width: 279px) 100vw, 279px\" \/><\/a><figcaption id=\"caption-attachment-402\" class=\"wp-caption-text\">Dysnes<\/figcaption><\/figure>\n<p>Gestir eru hvattir til a\u00f0 vera vel sk\u00f3a\u00f0ir og kl\u00e6ddir \u00fev\u00ed hafgolangetur veri\u00f0 k\u00f6ld.<\/p>\n<p>&nbsp;<\/p>\n<p>H\u00deF \/ Unnsteinn Ingason.<\/p>\n","protected":false},"excerpt":{"rendered":"<p>Fornir fimmtudagar \u00e1 Dysnesi vi\u00f0 Eyjafj\u00f6r\u00f0 Fimmtudaginn 29. j\u00fan\u00ed kl. 17.30 b\u00fd\u00f0ur Hi\u00f0 \u00feingeyska fornleifaf\u00e9lag og Fornleifastofnun \u00cdslands ses. \u00edb\u00faum nor\u00f0urlands og getsum \u00feeirra \u00ed heims\u00f3kn \u00e1 Dysnes vi\u00f0 Eyjafj\u00f6r\u00f0.\u00a0 Hafist var handa vi\u00f0 k\u00f6nnun \u00e1 Dysnesi fyrr \u00ed sumar en k\u00f6nnunin er li\u00f0ur \u00ed undirb\u00faningsranns\u00f3knum vegna fyrirhuga\u00f0arar byggingar st\u00f3rksipahafnar \u00e1 Dysnesi. \u00deegar fornleifafr\u00e6\u00f0ingar m\u00e6ttu &hellip; <\/p>\n<p class=\"link-more\"><a href=\"http:\/\/fornleifafelag.is\/?p=401\" class=\"more-link\">Lesa \u00e1fram<span class=\"screen-reader-text\"> &#8222;Fornir fimmtudagar \u00e1 Dysnesi&#8220;<\/span><\/a><\/p>\n","protected":false},"author":4,"featured_media":0,"comment_status":"closed","ping_status":"closed","sticky":false,"template":"","format":"image","meta":[],"categories":[1],"tags":[],"_links":{"self":[{"href":"http:\/\/fornleifafelag.is\/index.php?rest_route=\/wp\/v2\/posts\/401"}],"collection":[{"href":"http:\/\/fornleifafelag.is\/index.php?rest_route=\/wp\/v2\/posts"}],"about":[{"href":"http:\/\/fornleifafelag.is\/index.php?rest_route=\/wp\/v2\/types\/post"}],"author":[{"embeddable":true,"href":"http:\/\/fornleifafelag.is\/index.php?rest_route=\/wp\/v2\/users\/4"}],"replies":[{"embeddable":true,"href":"http:\/\/fornleifafelag.is\/index.php?rest_route=%2Fwp%2Fv2%2Fcomments&post=401"}],"version-history":[{"count":6,"href":"http:\/\/fornleifafelag.is\/index.php?rest_route=\/wp\/v2\/posts\/401\/revisions"}],"predecessor-version":[{"id":409,"href":"http:\/\/fornleifafelag.is\/index.php?rest_route=\/wp\/v2\/posts\/401\/revisions\/409"}],"wp:attachment":[{"href":"http:\/\/fornleifafelag.is\/index.php?rest_route=%2Fwp%2Fv2%2Fmedia&parent=401"}],"wp:term":[{"taxonomy":"category","embeddable":true,"href":"http:\/\/fornleifafelag.is\/index.php?rest_route=%2Fwp%2Fv2%2Fcategories&post=401"},{"taxonomy":"post_tag","embeddable":true,"href":"http:\/\/fornleifafelag.is\/index.php?rest_route=%2Fwp%2Fv2%2Ftags&post=401"}],"curies":[{"name":"wp","href":"https:\/\/api.w.org\/{rel}","templated":true}]}}